{"id":3841,"date":"2023-05-24T14:00:10","date_gmt":"2023-05-24T21:00:10","guid":{"rendered":"https:\/\/www.pcfcu.org\/blog\/wealth-wednesday-the-shape-of-economic-recovery\/"},"modified":"2025-07-03T18:32:11","modified_gmt":"2025-07-04T01:32:11","slug":"miercoles-de-riqueza-la-forma-de-la-recuperacion-economica","status":"publish","type":"post","link":"https:\/\/www.pcfcu.org\/es\/blog\/miercoles-de-riqueza-la-forma-de-la-recuperacion-economica\/","title":{"rendered":"Mi\u00e9rcoles de riqueza: La forma de la recuperaci\u00f3n econ\u00f3mica"},"content":{"rendered":"<p><p style=\"text-align: left;\">El 8 de junio de 2020, la Oficina Nacional de Investigaci\u00f3n Econ\u00f3mica (NBER), que tiene la responsabilidad oficial de determinar los ciclos econ\u00f3micos de Estados Unidos, anunci\u00f3 que febrero de 2020 marc\u00f3 el final de una expansi\u00f3n que comenz\u00f3 en 2009 y el comienzo de una recesi\u00f3n. (1) Esto no fue una gran sorpresa considerando los cierres generalizados de empresas debido a la pandemia de coronavirus y el consiguiente aumento del desempleo, pero fue un anuncio oficial inusualmente r\u00e1pido.<\/p>\n<p style=\"text-align: left;\">El NBER define una recesi\u00f3n como \u201cuna disminuci\u00f3n de la actividad econ\u00f3mica que dura m\u00e1s de unos pocos meses\u201d, por lo que suele tardar entre seis meses y un a\u00f1o en determinar su inicio. En este caso, el Comit\u00e9 de Dataci\u00f3n del Ciclo Econ\u00f3mico del NBER concluy\u00f3 que \u201cla magnitud sin precedentes de la disminuci\u00f3n del empleo y la producci\u00f3n, y su amplio alcance en toda la econom\u00eda\u201d, justifican la designaci\u00f3n de recesi\u00f3n, \u201cincluso si resulta ser m\u00e1s breve que contracciones anteriores\u201d. (2)<\/p>\n<p style=\"text-align: left;\">Otra definici\u00f3n com\u00fan de recesi\u00f3n son dos o m\u00e1s trimestres de crecimiento negativo del producto interior bruto (PIB), y es evidente que la situaci\u00f3n actual superar\u00e1 esa prueba. La econom\u00eda estadounidense se contrajo a una tasa anual del 51% en el primer trimestre de 2020, una disminuci\u00f3n significativa, pero enga\u00f1osamente peque\u00f1a, dado que la econom\u00eda se mantuvo s\u00f3lida durante la primera parte del trimestre. (3)<\/p>\n<p style=\"text-align: left;\">La primera estimaci\u00f3n oficial para el segundo trimestre no estar\u00e1 disponible hasta el 30 de julio, pero el Banco de la Reserva Federal de Atlanta mantiene una estimaci\u00f3n continua que se actualiza con base en los datos econ\u00f3micos entrantes. Al 9 de julio, la Reserva Federal de Atlanta estim\u00f3 que el PIB caer\u00eda a una tasa anual de 35,51 TP3T en el segundo trimestre. (4) En comparaci\u00f3n, la mayor ca\u00edda trimestral desde la Segunda Guerra Mundial fue de 101 TP3T en el primer trimestre de 1958, seguida de 8,41 TP3T en el cuarto trimestre de 2008. (5)<\/p>\n<p style=\"text-align: left;\">La mayor\u00eda de los economistas creen que el PIB repuntar\u00e1 en el tercer trimestre a medida que las empresas sigan abriendo. (6) Sin embargo, dada la dr\u00e1stica ca\u00edda de la actividad comercial durante el primer semestre de 2020, se necesitar\u00e1 un crecimiento sostenido para que la econom\u00eda vuelva a su nivel anterior a la recesi\u00f3n. En sus proyecciones econ\u00f3micas de junio, el Comit\u00e9 de Mercado Abierto de la Reserva Federal proyect\u00f3 una ca\u00edda anual del PIB de 6,51 TP3T para 2020, seguida de un crecimiento de 5,01 TP3T en 2021 y de 3,51 TP3T en 2022. (7) El c\u00e1lculo simple de estas proyecciones sugiere que la econom\u00eda podr\u00eda no volver a su nivel de 2019 hasta 2022.<\/p>\n<h4 style=\"text-align: left;\">Por las letras<\/h4>\n<p style=\"text-align: left;\">Los economistas tradicionalmente consideran que las recesiones y recuperaciones econ\u00f3micas tienen una forma, que recibe el nombre de la letra a la que se asemeja.<\/p>\n<p style=\"text-align: left;\">En forma de V: una ca\u00edda r\u00e1pida seguida de un r\u00e1pido repunte a niveles anteriores. La recesi\u00f3n de 1990-91, que dur\u00f3 solo ocho meses y fue seguida de un fuerte crecimiento econ\u00f3mico, tuvo forma de V. Este tipo de recuperaci\u00f3n requerir\u00eda el control de la COVID-19 mediante pruebas y tratamiento, una r\u00e1pida reactivaci\u00f3n de la actividad comercial y la recuperaci\u00f3n de los h\u00e1bitos de gasto de los consumidores previos a la recesi\u00f3n. (8-9)<\/p>\n<p style=\"text-align: left;\">En forma de U: una recesi\u00f3n prolongada antes de que la econom\u00eda recupere sus niveles previos. La Gran Recesi\u00f3n, que dur\u00f3 18 meses y fue seguida de una lenta recuperaci\u00f3n, tuvo forma de U. Si la COVID-19 tarda m\u00e1s en controlarse y la econom\u00eda no se recupera como se espera en el tercer trimestre, la recesi\u00f3n actual podr\u00eda prolongarse. (10-11)<\/p>\n<p style=\"text-align: left;\">Recesi\u00f3n en forma de W: una recesi\u00f3n de doble ca\u00edda en la que se inicia una r\u00e1pida recuperaci\u00f3n, pero luego retrocede bruscamente antes de reanudarse. La econom\u00eda estadounidense experiment\u00f3 una recesi\u00f3n en forma de W entre 1980 y 1982, cuando una segunda crisis petrolera y una alta inflaci\u00f3n desencadenaron una breve recesi\u00f3n, seguida de una r\u00e1pida recuperaci\u00f3n y otra recesi\u00f3n provocada por pol\u00edticas antiinflacionarias excesivamente agresivas de la Reserva Federal. Este tipo de recesi\u00f3n podr\u00eda ocurrir si una segunda ola de COVID-19 obliga a las empresas a cerrar de nuevo m\u00e1s adelante en el a\u00f1o, justo cuando la econom\u00eda se est\u00e1 recuperando. (12-13)<\/p>\n<p style=\"text-align: left;\">En forma de L: una ca\u00edda pronunciada seguida de un largo per\u00edodo de alto desempleo y baja producci\u00f3n econ\u00f3mica. La Gran Depresi\u00f3n, que dur\u00f3 43 meses con cuatro a\u00f1os consecutivos de crecimiento negativo del PIB, tuvo forma de L. Esto es improbable en el contexto actual, considerando la fortaleza de la econom\u00eda estadounidense antes de la COVID-19 y el apoyo econ\u00f3mico sin precedentes de la Reserva Federal. (14-15)<\/p>\n<h4 style=\"text-align: left;\">Un silbido<\/h4>\n<p style=\"text-align: left;\">En la encuesta de pron\u00f3sticos econ\u00f3micos de julio del Wall Street Journal, que encuesta a m\u00e1s de 60 economistas estadounidenses cada mes, el 13,0% de los encuestados pensaba que la recuperaci\u00f3n tendr\u00eda forma de V, el 11,1% esperaba que tuviera forma de W, el 5,5% indic\u00f3 que tendr\u00eda forma de U y ninguno pens\u00f3 que tendr\u00eda forma de L. (16)<\/p>\n<p style=\"text-align: left;\">La gran mayor\u00eda (70,4%) cre\u00eda que la recuperaci\u00f3n adoptar\u00eda la forma de un &quot;swoosh de Nike&quot;, lo que sugiere una ca\u00edda pronunciada seguida de una recuperaci\u00f3n larga y lenta.&lt;sup&gt;17&lt;\/sup&gt; Esta opini\u00f3n considera la posibilidad de que las empresas tarden en volver a contratar personal y que los consumidores tarden en retomar los patrones de gasto previos a la recesi\u00f3n. Tambi\u00e9n considera que algunas empresas podr\u00edan verse afectadas durante m\u00e1s tiempo que otras. Las aerol\u00edneas no prev\u00e9n volver a la actividad de pasajeros previa a la COVID-19 hasta 2022, y los cines, salones de belleza, eventos deportivos y otros negocios de alto contacto podr\u00edan tener dificultades hasta que se desarrolle una vacuna.&lt;sup&gt;18&lt;\/sup&gt;<\/p>\n<p style=\"text-align: left;\">El pron\u00f3stico de una recuperaci\u00f3n lenta se ve reforzado por el hecho de que el resto del mundo tambi\u00e9n est\u00e1 luchando contra la pandemia, incluidos muchos pa\u00edses donde el crecimiento ya era m\u00e1s lento que en Estados Unidos. Y si el virus resurge en oto\u00f1o o a principios de 2021, la recuperaci\u00f3n podr\u00eda ser irregular y sufrir importantes contratiempos en el camino. (19)<\/p>\n<p style=\"text-align: left;\">Si bien el consenso general sugiere que la duraci\u00f3n de la recesi\u00f3n podr\u00eda ser breve, es demasiado pronto para determinar la verdadera forma de la recuperaci\u00f3n. Sin embargo, la econom\u00eda se recuperar\u00e1, como lo ha hecho en situaciones a\u00fan m\u00e1s dif\u00edciles. Todas estas proyecciones indican que un factor clave para determinar la forma de la recuperaci\u00f3n ser\u00e1 el control de la COVID-19. M\u00e1s all\u00e1 de eso, la pregunta subyacente es si el virus ha transformado fundamentalmente las econom\u00edas estadounidense y mundial.<\/p>\n<p style=\"text-align: left;\"><em>1-2, 8, 10, 12, 14) Oficina Nacional de Investigaci\u00f3n Econ\u00f3mica, junio de 2020<\/em><br \/>\n<em>3, 5, 15) Oficina de An\u00e1lisis Econ\u00f3mico de EE. UU., junio de 2020<\/em><br \/>\n<em>4) Banco de la Reserva Federal de Atlanta, 9 de julio de 2020<\/em><br \/>\n<em>6, 16-17) Encuesta de pron\u00f3stico econ\u00f3mico del Wall Street Journal, julio de 2020<\/em><br \/>\n<em>7) Reserva Federal, 10 de junio de 2020<\/em><br \/>\n<em>9, 11, 13) Forbes Advisor, 8 de junio de 2020<\/em><br \/>\n<em>18-19) The Wall Street Journal, 11 de mayo de 2020<\/em><\/p>\n<p>&nbsp;<\/p>\n<figure id=\"attachment_5192\" aria-describedby=\"caption-attachment-5192\" style=\"width: 150px\" class=\"wp-caption aligncenter\"><img loading=\"lazy\" decoding=\"async\" class=\"wp-image-5192 size-thumbnail\" src=\"https:\/\/www.pcfcu.org\/wp-content\/uploads\/Profile-Pic-150x150.jpg\" alt=\"Una foto de Melody Bliss, consultora de servicios financieros de CUSO\" width=\"150\" height=\"150\" \/><figcaption id=\"caption-attachment-5192\" class=\"wp-caption-text\">Melod\u00eda Bliss<br \/>Consultor financiero<br \/>Servicios financieros CUSO, LP*<br \/>858-426-1601 ext. 3189<br \/>360-968-9797 celular<br \/>mbliss.cfsinvest@pcfcu.org<\/figcaption><\/figure>\n<p style=\"text-align: left;\"><em>Esta publicaci\u00f3n se public\u00f3 en colaboraci\u00f3n con un proveedor de marketing externo. Fuente original: Broadridge Advisor Solutions.<\/em><\/p><\/p>","protected":false},"excerpt":{"rendered":"<p>El 8 de junio de 2020, la Oficina Nacional de Investigaci\u00f3n Econ\u00f3mica (NBER), que tiene la responsabilidad oficial de determinar los ciclos econ\u00f3micos de Estados Unidos, \u2026 <a href=\"https:\/\/www.pcfcu.org\/es\/blog\/miercoles-de-riqueza-la-forma-de-la-recuperacion-economica\/\">Leer m\u00e1s<\/a><\/p>","protected":false},"author":10,"featured_media":3842,"comment_status":"open","ping_status":"open","sticky":false,"template":"","format":"standard","meta":{"_acf_changed":false,"footnotes":""},"categories":[51],"class_list":["post-3841","post","type-post","status-publish","format-standard","has-post-thumbnail","hentry","category-wealth-newsletter"],"acf":[],"yoast_head":"<!-- This site is optimized with the Yoast SEO plugin v27.2 - https:\/\/yoast.com\/product\/yoast-seo-wordpress\/ -->\n<title>Wealth Wednesday: The Shape of Economic Recovery - Peninsula CU<\/title>\n<meta name=\"robots\" content=\"index, follow, max-snippet:-1, max-image-preview:large, max-video-preview:-1\" \/>\n<link rel=\"canonical\" href=\"https:\/\/www.pcfcu.org\/es\/blog\/miercoles-de-riqueza-la-forma-de-la-recuperacion-economica\/\" \/>\n<meta property=\"og:locale\" content=\"es_ES\" \/>\n<meta property=\"og:type\" content=\"article\" \/>\n<meta property=\"og:title\" content=\"Wealth Wednesday: The Shape of Economic Recovery - Peninsula CU\" \/>\n<meta property=\"og:description\" content=\"On June 8, 2020, the National Bureau of Economic Research (NBER), which has official responsibility for determining U.S. business cycles, &hellip; Read More\" \/>\n<meta property=\"og:url\" content=\"https:\/\/www.pcfcu.org\/es\/blog\/miercoles-de-riqueza-la-forma-de-la-recuperacion-economica\/\" \/>\n<meta property=\"og:site_name\" content=\"Peninsula CU\" \/>\n<meta property=\"article:publisher\" content=\"https:\/\/www.facebook.com\/PeninsulaCreditUnion\" \/>\n<meta property=\"article:published_time\" content=\"2023-05-24T21:00:10+00:00\" \/>\n<meta property=\"article:modified_time\" content=\"2025-07-04T01:32:11+00:00\" \/>\n<meta property=\"og:image\" content=\"https:\/\/www.pcfcu.org\/files\/pexels-photo-6120217.jpeg\" \/>\n\t<meta property=\"og:image:width\" content=\"2250\" \/>\n\t<meta property=\"og:image:height\" content=\"1500\" \/>\n\t<meta property=\"og:image:type\" content=\"image\/jpeg\" \/>\n<meta name=\"author\" content=\"pixelspoke\" \/>\n<meta name=\"twitter:card\" content=\"summary_large_image\" \/>\n<meta name=\"twitter:creator\" content=\"@pcfcuwa\" \/>\n<meta name=\"twitter:site\" content=\"@pcfcuwa\" \/>\n<meta name=\"twitter:label1\" content=\"Written by\" \/>\n\t<meta name=\"twitter:data1\" content=\"pixelspoke\" \/>\n\t<meta name=\"twitter:label2\" content=\"Est. reading time\" \/>\n\t<meta name=\"twitter:data2\" content=\"5 minutos\" \/>\n<script type=\"application\/ld+json\" class=\"yoast-schema-graph\">{\"@context\":\"https:\/\/schema.org\",\"@graph\":[{\"@type\":\"Article\",\"@id\":\"https:\/\/www.pcfcu.org\/blog\/wealth-wednesday-the-shape-of-economic-recovery\/#article\",\"isPartOf\":{\"@id\":\"https:\/\/www.pcfcu.org\/blog\/wealth-wednesday-the-shape-of-economic-recovery\/\"},\"author\":{\"name\":\"pixelspoke\",\"@id\":\"https:\/\/www.pcfcu.org\/#\/schema\/person\/41d896c3db44170b252f2b425f0cd3a0\"},\"headline\":\"Wealth Wednesday: The Shape of Economic Recovery\",\"datePublished\":\"2023-05-24T21:00:10+00:00\",\"dateModified\":\"2025-07-04T01:32:11+00:00\",\"mainEntityOfPage\":{\"@id\":\"https:\/\/www.pcfcu.org\/blog\/wealth-wednesday-the-shape-of-economic-recovery\/\"},\"wordCount\":1001,\"commentCount\":0,\"publisher\":{\"@id\":\"https:\/\/www.pcfcu.org\/#organization\"},\"image\":{\"@id\":\"https:\/\/www.pcfcu.org\/blog\/wealth-wednesday-the-shape-of-economic-recovery\/#primaryimage\"},\"thumbnailUrl\":\"https:\/\/www.pcfcu.org\/files\/pexels-photo-6120217.jpeg\",\"articleSection\":[\"Wealth Newsletter\"],\"inLanguage\":\"es-ES\",\"potentialAction\":[{\"@type\":\"CommentAction\",\"name\":\"Comment\",\"target\":[\"https:\/\/www.pcfcu.org\/blog\/wealth-wednesday-the-shape-of-economic-recovery\/#respond\"]}]},{\"@type\":\"WebPage\",\"@id\":\"https:\/\/www.pcfcu.org\/blog\/wealth-wednesday-the-shape-of-economic-recovery\/\",\"url\":\"https:\/\/www.pcfcu.org\/blog\/wealth-wednesday-the-shape-of-economic-recovery\/\",\"name\":\"Wealth Wednesday: The Shape of Economic Recovery - Peninsula CU\",\"isPartOf\":{\"@id\":\"https:\/\/www.pcfcu.org\/#website\"},\"primaryImageOfPage\":{\"@id\":\"https:\/\/www.pcfcu.org\/blog\/wealth-wednesday-the-shape-of-economic-recovery\/#primaryimage\"},\"image\":{\"@id\":\"https:\/\/www.pcfcu.org\/blog\/wealth-wednesday-the-shape-of-economic-recovery\/#primaryimage\"},\"thumbnailUrl\":\"https:\/\/www.pcfcu.org\/files\/pexels-photo-6120217.jpeg\",\"datePublished\":\"2023-05-24T21:00:10+00:00\",\"dateModified\":\"2025-07-04T01:32:11+00:00\",\"breadcrumb\":{\"@id\":\"https:\/\/www.pcfcu.org\/blog\/wealth-wednesday-the-shape-of-economic-recovery\/#breadcrumb\"},\"inLanguage\":\"es-ES\",\"potentialAction\":[{\"@type\":\"ReadAction\",\"target\":[\"https:\/\/www.pcfcu.org\/blog\/wealth-wednesday-the-shape-of-economic-recovery\/\"]}]},{\"@type\":\"ImageObject\",\"inLanguage\":\"es-ES\",\"@id\":\"https:\/\/www.pcfcu.org\/blog\/wealth-wednesday-the-shape-of-economic-recovery\/#primaryimage\",\"url\":\"https:\/\/www.pcfcu.org\/files\/pexels-photo-6120217.jpeg\",\"contentUrl\":\"https:\/\/www.pcfcu.org\/files\/pexels-photo-6120217.jpeg\",\"width\":2250,\"height\":1500},{\"@type\":\"BreadcrumbList\",\"@id\":\"https:\/\/www.pcfcu.org\/blog\/wealth-wednesday-the-shape-of-economic-recovery\/#breadcrumb\",\"itemListElement\":[{\"@type\":\"ListItem\",\"position\":1,\"name\":\"Home\",\"item\":\"https:\/\/www.pcfcu.org\/\"},{\"@type\":\"ListItem\",\"position\":2,\"name\":\"Wealth Wednesday: The Shape of Economic Recovery\"}]},{\"@type\":\"WebSite\",\"@id\":\"https:\/\/www.pcfcu.org\/#website\",\"url\":\"https:\/\/www.pcfcu.org\/\",\"name\":\"Peninsula CU\",\"description\":\"Our Priority is You\",\"publisher\":{\"@id\":\"https:\/\/www.pcfcu.org\/#organization\"},\"potentialAction\":[{\"@type\":\"SearchAction\",\"target\":{\"@type\":\"EntryPoint\",\"urlTemplate\":\"https:\/\/www.pcfcu.org\/?s={search_term_string}\"},\"query-input\":{\"@type\":\"PropertyValueSpecification\",\"valueRequired\":true,\"valueName\":\"search_term_string\"}}],\"inLanguage\":\"es-ES\"},{\"@type\":\"Organization\",\"@id\":\"https:\/\/www.pcfcu.org\/#organization\",\"name\":\"Peninsula CU\",\"url\":\"https:\/\/www.pcfcu.org\/\",\"logo\":{\"@type\":\"ImageObject\",\"inLanguage\":\"es-ES\",\"@id\":\"https:\/\/www.pcfcu.org\/#\/schema\/logo\/image\/\",\"url\":\"https:\/\/www.pcfcu.org\/files\/Screenshot-2025-09-19-at-3.54.32-PM.jpg\",\"contentUrl\":\"https:\/\/www.pcfcu.org\/files\/Screenshot-2025-09-19-at-3.54.32-PM.jpg\",\"width\":386,\"height\":286,\"caption\":\"Peninsula CU\"},\"image\":{\"@id\":\"https:\/\/www.pcfcu.org\/#\/schema\/logo\/image\/\"},\"sameAs\":[\"https:\/\/www.facebook.com\/PeninsulaCreditUnion\",\"https:\/\/x.com\/pcfcuwa\"]},{\"@type\":\"Person\",\"@id\":\"https:\/\/www.pcfcu.org\/#\/schema\/person\/41d896c3db44170b252f2b425f0cd3a0\",\"name\":\"pixelspoke\",\"image\":{\"@type\":\"ImageObject\",\"inLanguage\":\"es-ES\",\"@id\":\"https:\/\/secure.gravatar.com\/avatar\/05c066c45a98c8327286f81cee830676561bc1a1198dbfd5fab2dd0feb2c7fff?s=96&d=mm&r=g\",\"url\":\"https:\/\/secure.gravatar.com\/avatar\/05c066c45a98c8327286f81cee830676561bc1a1198dbfd5fab2dd0feb2c7fff?s=96&d=mm&r=g\",\"contentUrl\":\"https:\/\/secure.gravatar.com\/avatar\/05c066c45a98c8327286f81cee830676561bc1a1198dbfd5fab2dd0feb2c7fff?s=96&d=mm&r=g\",\"caption\":\"pixelspoke\"},\"url\":\"https:\/\/www.pcfcu.org\/es\/blog\/author\/pixelspoke\/\"}]}<\/script>\n<!-- \/ Yoast SEO plugin. -->","yoast_head_json":{"title":"Mi\u00e9rcoles de Riqueza: La forma de la recuperaci\u00f3n econ\u00f3mica - Peninsula CU","robots":{"index":"index","follow":"follow","max-snippet":"max-snippet:-1","max-image-preview":"max-image-preview:large","max-video-preview":"max-video-preview:-1"},"canonical":"https:\/\/www.pcfcu.org\/es\/blog\/miercoles-de-riqueza-la-forma-de-la-recuperacion-economica\/","og_locale":"es_ES","og_type":"article","og_title":"Wealth Wednesday: The Shape of Economic Recovery - Peninsula CU","og_description":"On June 8, 2020, the National Bureau of Economic Research (NBER), which has official responsibility for determining U.S. business cycles, &hellip; Read More","og_url":"https:\/\/www.pcfcu.org\/es\/blog\/miercoles-de-riqueza-la-forma-de-la-recuperacion-economica\/","og_site_name":"Peninsula CU","article_publisher":"https:\/\/www.facebook.com\/PeninsulaCreditUnion","article_published_time":"2023-05-24T21:00:10+00:00","article_modified_time":"2025-07-04T01:32:11+00:00","og_image":[{"width":2250,"height":1500,"url":"https:\/\/www.pcfcu.org\/files\/pexels-photo-6120217.jpeg","type":"image\/jpeg"}],"author":"pixelspoke","twitter_card":"summary_large_image","twitter_creator":"@pcfcuwa","twitter_site":"@pcfcuwa","twitter_misc":{"Written by":"pixelspoke","Est. reading time":"5 minutos"},"schema":{"@context":"https:\/\/schema.org","@graph":[{"@type":"Article","@id":"https:\/\/www.pcfcu.org\/blog\/wealth-wednesday-the-shape-of-economic-recovery\/#article","isPartOf":{"@id":"https:\/\/www.pcfcu.org\/blog\/wealth-wednesday-the-shape-of-economic-recovery\/"},"author":{"name":"pixelspoke","@id":"https:\/\/www.pcfcu.org\/#\/schema\/person\/41d896c3db44170b252f2b425f0cd3a0"},"headline":"Wealth Wednesday: The Shape of Economic Recovery","datePublished":"2023-05-24T21:00:10+00:00","dateModified":"2025-07-04T01:32:11+00:00","mainEntityOfPage":{"@id":"https:\/\/www.pcfcu.org\/blog\/wealth-wednesday-the-shape-of-economic-recovery\/"},"wordCount":1001,"commentCount":0,"publisher":{"@id":"https:\/\/www.pcfcu.org\/#organization"},"image":{"@id":"https:\/\/www.pcfcu.org\/blog\/wealth-wednesday-the-shape-of-economic-recovery\/#primaryimage"},"thumbnailUrl":"https:\/\/www.pcfcu.org\/files\/pexels-photo-6120217.jpeg","articleSection":["Wealth Newsletter"],"inLanguage":"es-ES","potentialAction":[{"@type":"CommentAction","name":"Comment","target":["https:\/\/www.pcfcu.org\/blog\/wealth-wednesday-the-shape-of-economic-recovery\/#respond"]}]},{"@type":"WebPage","@id":"https:\/\/www.pcfcu.org\/blog\/wealth-wednesday-the-shape-of-economic-recovery\/","url":"https:\/\/www.pcfcu.org\/blog\/wealth-wednesday-the-shape-of-economic-recovery\/","name":"Mi\u00e9rcoles de Riqueza: La forma de la recuperaci\u00f3n econ\u00f3mica - Peninsula CU","isPartOf":{"@id":"https:\/\/www.pcfcu.org\/#website"},"primaryImageOfPage":{"@id":"https:\/\/www.pcfcu.org\/blog\/wealth-wednesday-the-shape-of-economic-recovery\/#primaryimage"},"image":{"@id":"https:\/\/www.pcfcu.org\/blog\/wealth-wednesday-the-shape-of-economic-recovery\/#primaryimage"},"thumbnailUrl":"https:\/\/www.pcfcu.org\/files\/pexels-photo-6120217.jpeg","datePublished":"2023-05-24T21:00:10+00:00","dateModified":"2025-07-04T01:32:11+00:00","breadcrumb":{"@id":"https:\/\/www.pcfcu.org\/blog\/wealth-wednesday-the-shape-of-economic-recovery\/#breadcrumb"},"inLanguage":"es-ES","potentialAction":[{"@type":"ReadAction","target":["https:\/\/www.pcfcu.org\/blog\/wealth-wednesday-the-shape-of-economic-recovery\/"]}]},{"@type":"ImageObject","inLanguage":"es-ES","@id":"https:\/\/www.pcfcu.org\/blog\/wealth-wednesday-the-shape-of-economic-recovery\/#primaryimage","url":"https:\/\/www.pcfcu.org\/files\/pexels-photo-6120217.jpeg","contentUrl":"https:\/\/www.pcfcu.org\/files\/pexels-photo-6120217.jpeg","width":2250,"height":1500},{"@type":"BreadcrumbList","@id":"https:\/\/www.pcfcu.org\/blog\/wealth-wednesday-the-shape-of-economic-recovery\/#breadcrumb","itemListElement":[{"@type":"ListItem","position":1,"name":"Home","item":"https:\/\/www.pcfcu.org\/"},{"@type":"ListItem","position":2,"name":"Wealth Wednesday: The Shape of Economic Recovery"}]},{"@type":"WebSite","@id":"https:\/\/www.pcfcu.org\/#website","url":"https:\/\/www.pcfcu.org\/","name":"Pen\u00ednsula CU","description":"Nuestra prioridad eres t\u00fa","publisher":{"@id":"https:\/\/www.pcfcu.org\/#organization"},"potentialAction":[{"@type":"SearchAction","target":{"@type":"EntryPoint","urlTemplate":"https:\/\/www.pcfcu.org\/?s={search_term_string}"},"query-input":{"@type":"PropertyValueSpecification","valueRequired":true,"valueName":"search_term_string"}}],"inLanguage":"es-ES"},{"@type":"Organization","@id":"https:\/\/www.pcfcu.org\/#organization","name":"Pen\u00ednsula CU","url":"https:\/\/www.pcfcu.org\/","logo":{"@type":"ImageObject","inLanguage":"es-ES","@id":"https:\/\/www.pcfcu.org\/#\/schema\/logo\/image\/","url":"https:\/\/www.pcfcu.org\/files\/Screenshot-2025-09-19-at-3.54.32-PM.jpg","contentUrl":"https:\/\/www.pcfcu.org\/files\/Screenshot-2025-09-19-at-3.54.32-PM.jpg","width":386,"height":286,"caption":"Peninsula CU"},"image":{"@id":"https:\/\/www.pcfcu.org\/#\/schema\/logo\/image\/"},"sameAs":["https:\/\/www.facebook.com\/PeninsulaCreditUnion","https:\/\/x.com\/pcfcuwa"]},{"@type":"Person","@id":"https:\/\/www.pcfcu.org\/#\/schema\/person\/41d896c3db44170b252f2b425f0cd3a0","name":"pixelspoke","image":{"@type":"ImageObject","inLanguage":"es-ES","@id":"https:\/\/secure.gravatar.com\/avatar\/05c066c45a98c8327286f81cee830676561bc1a1198dbfd5fab2dd0feb2c7fff?s=96&d=mm&r=g","url":"https:\/\/secure.gravatar.com\/avatar\/05c066c45a98c8327286f81cee830676561bc1a1198dbfd5fab2dd0feb2c7fff?s=96&d=mm&r=g","contentUrl":"https:\/\/secure.gravatar.com\/avatar\/05c066c45a98c8327286f81cee830676561bc1a1198dbfd5fab2dd0feb2c7fff?s=96&d=mm&r=g","caption":"pixelspoke"},"url":"https:\/\/www.pcfcu.org\/es\/blog\/author\/pixelspoke\/"}]}},"_links":{"self":[{"href":"https:\/\/www.pcfcu.org\/es\/wp-json\/wp\/v2\/posts\/3841","targetHints":{"allow":["GET"]}}],"collection":[{"href":"https:\/\/www.pcfcu.org\/es\/wp-json\/wp\/v2\/posts"}],"about":[{"href":"https:\/\/www.pcfcu.org\/es\/wp-json\/wp\/v2\/types\/post"}],"author":[{"embeddable":true,"href":"https:\/\/www.pcfcu.org\/es\/wp-json\/wp\/v2\/users\/10"}],"replies":[{"embeddable":true,"href":"https:\/\/www.pcfcu.org\/es\/wp-json\/wp\/v2\/comments?post=3841"}],"version-history":[{"count":1,"href":"https:\/\/www.pcfcu.org\/es\/wp-json\/wp\/v2\/posts\/3841\/revisions"}],"predecessor-version":[{"id":3844,"href":"https:\/\/www.pcfcu.org\/es\/wp-json\/wp\/v2\/posts\/3841\/revisions\/3844"}],"wp:featuredmedia":[{"embeddable":true,"href":"https:\/\/www.pcfcu.org\/es\/wp-json\/wp\/v2\/media\/3842"}],"wp:attachment":[{"href":"https:\/\/www.pcfcu.org\/es\/wp-json\/wp\/v2\/media?parent=3841"}],"wp:term":[{"taxonomy":"category","embeddable":true,"href":"https:\/\/www.pcfcu.org\/es\/wp-json\/wp\/v2\/categories?post=3841"}],"curies":[{"name":"wp","href":"https:\/\/api.w.org\/{rel}","templated":true}]}}